{"id":3255,"date":"2016-10-18T15:13:09","date_gmt":"2016-10-18T14:13:09","guid":{"rendered":"https:\/\/www.baudetsdubreuil.fr\/concours-de-witzenhaufen-2016-allemagne\/?lang=en"},"modified":"2018-06-25T21:16:24","modified_gmt":"2018-06-25T20:16:24","slug":"concours-de-witzenhaufen-2016-allemagne","status":"publish","type":"post","link":"https:\/\/www.baudetsdubreuil.fr\/en\/concours-de-witzenhaufen-2016-allemagne\/","title":{"rendered":"2016 Witzenhaufen&#8217;s contest &#8211; Germany"},"content":{"rendered":"[vc_row][vc_column][vc_column_text css=&#8221;.vc_custom_1529957780676{margin-bottom: 0px !important;}&#8221;]\n<h1>2016 Witzenhaufen&#8217;s contest<\/h1>\n<h2>Germany<\/h2>\n<p>Witzenhaufen&#8217;s 2016 contest, October 16 Sunday &#8211; Germany.<br \/>\nUnder the french &#8220;patronage&#8221;, an approuval contest took place.<br \/>\n4 males donkeys try to pass but only 2 were approved :<\/p>\n<ul>\n<li>Nico: Tierpark&#8217;s donkey, Berlin&#8217;s zoo.<br \/>\nGerman origins.<\/li>\n<li>Cheri de Wulf: Lune du Breuil and only approved alife son of Id\u00e9al.\u00a0 1,42m.<\/li>\n<\/ul>\n<p>Charles: Dartagnan&#8217;s half brother &#8211; DeGaulle&#8217;s son . Aged of 4, he miss the aproval for 1 cm hight.<\/p>\n<p>To add, Freya&#8217;s mother, Vulca\u00efne is 2nd in the &#8220;more than 3 and without a foal&#8221; category, ex aequo with Quefrene de la Baie.[\/vc_column_text][\/vc_column][\/vc_row][vc_row][vc_column][mk_gallery images=&#8221;3245,3246,3247,3250,3252&#8243; style=&#8221;style1&#8243;][\/vc_column][\/vc_row]\n","protected":false},"excerpt":{"rendered":"<p>2016 Witzenhaufen&#8217;s contest &#8211; Germany. Under the french &#8220;patronage&#8221;, an approuval contest took place.<br \/>\n4 males donkeys try to pass but only 2 were approved.<\/p>\n","protected":false},"author":2,"featured_media":3246,"comment_status":"open","ping_status":"open","sticky":false,"template":"","format":"standard","meta":{"footnotes":""},"categories":[12],"tags":[],"class_list":["post-3255","post","type-post","status-publish","format-standard","has-post-thumbnail","hentry","category-news"],"yoast_head":"<!-- This site is optimized with the Yoast SEO plugin v26.7 - https:\/\/yoast.com\/wordpress\/plugins\/seo\/ -->\n<title>Concours de Witzenhaufen 2016 - Les Baudets du Breuil<\/title>\n<meta name=\"description\" content=\"Dimanche 16 octobre 2016. Concours de Witzenhaufen. Une \u00e9preuve d\u2019approbation a eu lieu sous patronage fran\u00e7ais. 4 baudets pr\u00e9sent\u00e9s et 2 approuv\u00e9s.\" \/>\n<meta name=\"robots\" content=\"index, follow, max-snippet:-1, max-image-preview:large, max-video-preview:-1\" \/>\n<link rel=\"canonical\" href=\"https:\/\/www.baudetsdubreuil.fr\/en\/concours-de-witzenhaufen-2016-allemagne\/\" \/>\n<meta property=\"og:locale\" content=\"en_US\" \/>\n<meta property=\"og:type\" content=\"article\" \/>\n<meta property=\"og:title\" content=\"Concours de Witzenhaufen 2016 - Les Baudets du Breuil\" \/>\n<meta property=\"og:description\" content=\"Dimanche 16 octobre 2016. Concours de Witzenhaufen. Une \u00e9preuve d\u2019approbation a eu lieu sous patronage fran\u00e7ais. 4 baudets pr\u00e9sent\u00e9s et 2 approuv\u00e9s.\" \/>\n<meta property=\"og:url\" content=\"https:\/\/www.baudetsdubreuil.fr\/en\/concours-de-witzenhaufen-2016-allemagne\/\" \/>\n<meta property=\"og:site_name\" content=\"Les Baudets du Breuil\" \/>\n<meta property=\"article:published_time\" content=\"2016-10-18T14:13:09+00:00\" \/>\n<meta property=\"article:modified_time\" content=\"2018-06-25T20:16:24+00:00\" \/>\n<meta property=\"og:image\" content=\"https:\/\/www.baudetsdubreuil.fr\/wp-content\/uploads\/2016\/10\/Concours-allemand-2.jpg\" \/>\n\t<meta property=\"og:image:width\" content=\"2048\" \/>\n\t<meta property=\"og:image:height\" content=\"1536\" \/>\n\t<meta property=\"og:image:type\" content=\"image\/jpeg\" \/>\n<meta name=\"author\" content=\"breuil\" \/>\n<meta name=\"twitter:card\" content=\"summary_large_image\" \/>\n<meta name=\"twitter:label1\" content=\"Written by\" \/>\n\t<meta name=\"twitter:data1\" content=\"breuil\" \/>\n\t<meta name=\"twitter:label2\" content=\"Est. reading time\" \/>\n\t<meta name=\"twitter:data2\" content=\"1 minute\" \/>\n<script type=\"application\/ld+json\" class=\"yoast-schema-graph\">{\"@context\":\"https:\/\/schema.org\",\"@graph\":[{\"@type\":\"Article\",\"@id\":\"https:\/\/www.baudetsdubreuil.fr\/en\/concours-de-witzenhaufen-2016-allemagne\/#article\",\"isPartOf\":{\"@id\":\"https:\/\/www.baudetsdubreuil.fr\/en\/concours-de-witzenhaufen-2016-allemagne\/\"},\"author\":{\"name\":\"breuil\",\"@id\":\"https:\/\/www.baudetsdubreuil.fr\/en\/#\/schema\/person\/c665d3408cf1a153d5297d2a6ccab092\"},\"headline\":\"2016 Witzenhaufen&#8217;s contest &#8211; Germany\",\"datePublished\":\"2016-10-18T14:13:09+00:00\",\"dateModified\":\"2018-06-25T20:16:24+00:00\",\"mainEntityOfPage\":{\"@id\":\"https:\/\/www.baudetsdubreuil.fr\/en\/concours-de-witzenhaufen-2016-allemagne\/\"},\"wordCount\":126,\"commentCount\":0,\"image\":{\"@id\":\"https:\/\/www.baudetsdubreuil.fr\/en\/concours-de-witzenhaufen-2016-allemagne\/#primaryimage\"},\"thumbnailUrl\":\"https:\/\/www.baudetsdubreuil.fr\/wp-content\/uploads\/2016\/10\/Concours-allemand-2.jpg\",\"articleSection\":[\"News\"],\"inLanguage\":\"en-US\",\"potentialAction\":[{\"@type\":\"CommentAction\",\"name\":\"Comment\",\"target\":[\"https:\/\/www.baudetsdubreuil.fr\/en\/concours-de-witzenhaufen-2016-allemagne\/#respond\"]}]},{\"@type\":\"WebPage\",\"@id\":\"https:\/\/www.baudetsdubreuil.fr\/en\/concours-de-witzenhaufen-2016-allemagne\/\",\"url\":\"https:\/\/www.baudetsdubreuil.fr\/en\/concours-de-witzenhaufen-2016-allemagne\/\",\"name\":\"Concours de Witzenhaufen 2016 - Les Baudets du Breuil\",\"isPartOf\":{\"@id\":\"https:\/\/www.baudetsdubreuil.fr\/en\/#website\"},\"primaryImageOfPage\":{\"@id\":\"https:\/\/www.baudetsdubreuil.fr\/en\/concours-de-witzenhaufen-2016-allemagne\/#primaryimage\"},\"image\":{\"@id\":\"https:\/\/www.baudetsdubreuil.fr\/en\/concours-de-witzenhaufen-2016-allemagne\/#primaryimage\"},\"thumbnailUrl\":\"https:\/\/www.baudetsdubreuil.fr\/wp-content\/uploads\/2016\/10\/Concours-allemand-2.jpg\",\"datePublished\":\"2016-10-18T14:13:09+00:00\",\"dateModified\":\"2018-06-25T20:16:24+00:00\",\"author\":{\"@id\":\"https:\/\/www.baudetsdubreuil.fr\/en\/#\/schema\/person\/c665d3408cf1a153d5297d2a6ccab092\"},\"description\":\"Dimanche 16 octobre 2016. Concours de Witzenhaufen. Une \u00e9preuve d\u2019approbation a eu lieu sous patronage fran\u00e7ais. 4 baudets pr\u00e9sent\u00e9s et 2 approuv\u00e9s.\",\"breadcrumb\":{\"@id\":\"https:\/\/www.baudetsdubreuil.fr\/en\/concours-de-witzenhaufen-2016-allemagne\/#breadcrumb\"},\"inLanguage\":\"en-US\",\"potentialAction\":[{\"@type\":\"ReadAction\",\"target\":[\"https:\/\/www.baudetsdubreuil.fr\/en\/concours-de-witzenhaufen-2016-allemagne\/\"]}]},{\"@type\":\"ImageObject\",\"inLanguage\":\"en-US\",\"@id\":\"https:\/\/www.baudetsdubreuil.fr\/en\/concours-de-witzenhaufen-2016-allemagne\/#primaryimage\",\"url\":\"https:\/\/www.baudetsdubreuil.fr\/wp-content\/uploads\/2016\/10\/Concours-allemand-2.jpg\",\"contentUrl\":\"https:\/\/www.baudetsdubreuil.fr\/wp-content\/uploads\/2016\/10\/Concours-allemand-2.jpg\",\"width\":2048,\"height\":1536},{\"@type\":\"BreadcrumbList\",\"@id\":\"https:\/\/www.baudetsdubreuil.fr\/en\/concours-de-witzenhaufen-2016-allemagne\/#breadcrumb\",\"itemListElement\":[{\"@type\":\"ListItem\",\"position\":1,\"name\":\"Accueil\",\"item\":\"https:\/\/www.baudetsdubreuil.fr\/en\/\"},{\"@type\":\"ListItem\",\"position\":2,\"name\":\"2016 Witzenhaufen&#8217;s contest &#8211; Germany\"}]},{\"@type\":\"WebSite\",\"@id\":\"https:\/\/www.baudetsdubreuil.fr\/en\/#website\",\"url\":\"https:\/\/www.baudetsdubreuil.fr\/en\/\",\"name\":\"Les Baudets du Breuil\",\"description\":\"\",\"potentialAction\":[{\"@type\":\"SearchAction\",\"target\":{\"@type\":\"EntryPoint\",\"urlTemplate\":\"https:\/\/www.baudetsdubreuil.fr\/en\/?s={search_term_string}\"},\"query-input\":{\"@type\":\"PropertyValueSpecification\",\"valueRequired\":true,\"valueName\":\"search_term_string\"}}],\"inLanguage\":\"en-US\"},{\"@type\":\"Person\",\"@id\":\"https:\/\/www.baudetsdubreuil.fr\/en\/#\/schema\/person\/c665d3408cf1a153d5297d2a6ccab092\",\"name\":\"breuil\",\"image\":{\"@type\":\"ImageObject\",\"inLanguage\":\"en-US\",\"@id\":\"https:\/\/www.baudetsdubreuil.fr\/en\/#\/schema\/person\/image\/\",\"url\":\"https:\/\/secure.gravatar.com\/avatar\/df571b646254835aca10abe87e86eb62?s=96&d=mm&r=g\",\"contentUrl\":\"https:\/\/secure.gravatar.com\/avatar\/df571b646254835aca10abe87e86eb62?s=96&d=mm&r=g\",\"caption\":\"breuil\"},\"url\":\"https:\/\/www.baudetsdubreuil.fr\/en\/author\/breuil\/\"}]}<\/script>\n<!-- \/ Yoast SEO plugin. -->","yoast_head_json":{"title":"Concours de Witzenhaufen 2016 - Les Baudets du Breuil","description":"Dimanche 16 octobre 2016. Concours de Witzenhaufen. Une \u00e9preuve d\u2019approbation a eu lieu sous patronage fran\u00e7ais. 4 baudets pr\u00e9sent\u00e9s et 2 approuv\u00e9s.","robots":{"index":"index","follow":"follow","max-snippet":"max-snippet:-1","max-image-preview":"max-image-preview:large","max-video-preview":"max-video-preview:-1"},"canonical":"https:\/\/www.baudetsdubreuil.fr\/en\/concours-de-witzenhaufen-2016-allemagne\/","og_locale":"en_US","og_type":"article","og_title":"Concours de Witzenhaufen 2016 - Les Baudets du Breuil","og_description":"Dimanche 16 octobre 2016. Concours de Witzenhaufen. Une \u00e9preuve d\u2019approbation a eu lieu sous patronage fran\u00e7ais. 4 baudets pr\u00e9sent\u00e9s et 2 approuv\u00e9s.","og_url":"https:\/\/www.baudetsdubreuil.fr\/en\/concours-de-witzenhaufen-2016-allemagne\/","og_site_name":"Les Baudets du Breuil","article_published_time":"2016-10-18T14:13:09+00:00","article_modified_time":"2018-06-25T20:16:24+00:00","og_image":[{"width":2048,"height":1536,"url":"https:\/\/www.baudetsdubreuil.fr\/wp-content\/uploads\/2016\/10\/Concours-allemand-2.jpg","type":"image\/jpeg"}],"author":"breuil","twitter_card":"summary_large_image","twitter_misc":{"Written by":"breuil","Est. reading time":"1 minute"},"schema":{"@context":"https:\/\/schema.org","@graph":[{"@type":"Article","@id":"https:\/\/www.baudetsdubreuil.fr\/en\/concours-de-witzenhaufen-2016-allemagne\/#article","isPartOf":{"@id":"https:\/\/www.baudetsdubreuil.fr\/en\/concours-de-witzenhaufen-2016-allemagne\/"},"author":{"name":"breuil","@id":"https:\/\/www.baudetsdubreuil.fr\/en\/#\/schema\/person\/c665d3408cf1a153d5297d2a6ccab092"},"headline":"2016 Witzenhaufen&#8217;s contest &#8211; Germany","datePublished":"2016-10-18T14:13:09+00:00","dateModified":"2018-06-25T20:16:24+00:00","mainEntityOfPage":{"@id":"https:\/\/www.baudetsdubreuil.fr\/en\/concours-de-witzenhaufen-2016-allemagne\/"},"wordCount":126,"commentCount":0,"image":{"@id":"https:\/\/www.baudetsdubreuil.fr\/en\/concours-de-witzenhaufen-2016-allemagne\/#primaryimage"},"thumbnailUrl":"https:\/\/www.baudetsdubreuil.fr\/wp-content\/uploads\/2016\/10\/Concours-allemand-2.jpg","articleSection":["News"],"inLanguage":"en-US","potentialAction":[{"@type":"CommentAction","name":"Comment","target":["https:\/\/www.baudetsdubreuil.fr\/en\/concours-de-witzenhaufen-2016-allemagne\/#respond"]}]},{"@type":"WebPage","@id":"https:\/\/www.baudetsdubreuil.fr\/en\/concours-de-witzenhaufen-2016-allemagne\/","url":"https:\/\/www.baudetsdubreuil.fr\/en\/concours-de-witzenhaufen-2016-allemagne\/","name":"Concours de Witzenhaufen 2016 - Les Baudets du Breuil","isPartOf":{"@id":"https:\/\/www.baudetsdubreuil.fr\/en\/#website"},"primaryImageOfPage":{"@id":"https:\/\/www.baudetsdubreuil.fr\/en\/concours-de-witzenhaufen-2016-allemagne\/#primaryimage"},"image":{"@id":"https:\/\/www.baudetsdubreuil.fr\/en\/concours-de-witzenhaufen-2016-allemagne\/#primaryimage"},"thumbnailUrl":"https:\/\/www.baudetsdubreuil.fr\/wp-content\/uploads\/2016\/10\/Concours-allemand-2.jpg","datePublished":"2016-10-18T14:13:09+00:00","dateModified":"2018-06-25T20:16:24+00:00","author":{"@id":"https:\/\/www.baudetsdubreuil.fr\/en\/#\/schema\/person\/c665d3408cf1a153d5297d2a6ccab092"},"description":"Dimanche 16 octobre 2016. Concours de Witzenhaufen. Une \u00e9preuve d\u2019approbation a eu lieu sous patronage fran\u00e7ais. 4 baudets pr\u00e9sent\u00e9s et 2 approuv\u00e9s.","breadcrumb":{"@id":"https:\/\/www.baudetsdubreuil.fr\/en\/concours-de-witzenhaufen-2016-allemagne\/#breadcrumb"},"inLanguage":"en-US","potentialAction":[{"@type":"ReadAction","target":["https:\/\/www.baudetsdubreuil.fr\/en\/concours-de-witzenhaufen-2016-allemagne\/"]}]},{"@type":"ImageObject","inLanguage":"en-US","@id":"https:\/\/www.baudetsdubreuil.fr\/en\/concours-de-witzenhaufen-2016-allemagne\/#primaryimage","url":"https:\/\/www.baudetsdubreuil.fr\/wp-content\/uploads\/2016\/10\/Concours-allemand-2.jpg","contentUrl":"https:\/\/www.baudetsdubreuil.fr\/wp-content\/uploads\/2016\/10\/Concours-allemand-2.jpg","width":2048,"height":1536},{"@type":"BreadcrumbList","@id":"https:\/\/www.baudetsdubreuil.fr\/en\/concours-de-witzenhaufen-2016-allemagne\/#breadcrumb","itemListElement":[{"@type":"ListItem","position":1,"name":"Accueil","item":"https:\/\/www.baudetsdubreuil.fr\/en\/"},{"@type":"ListItem","position":2,"name":"2016 Witzenhaufen&#8217;s contest &#8211; Germany"}]},{"@type":"WebSite","@id":"https:\/\/www.baudetsdubreuil.fr\/en\/#website","url":"https:\/\/www.baudetsdubreuil.fr\/en\/","name":"Les Baudets du Breuil","description":"","potentialAction":[{"@type":"SearchAction","target":{"@type":"EntryPoint","urlTemplate":"https:\/\/www.baudetsdubreuil.fr\/en\/?s={search_term_string}"},"query-input":{"@type":"PropertyValueSpecification","valueRequired":true,"valueName":"search_term_string"}}],"inLanguage":"en-US"},{"@type":"Person","@id":"https:\/\/www.baudetsdubreuil.fr\/en\/#\/schema\/person\/c665d3408cf1a153d5297d2a6ccab092","name":"breuil","image":{"@type":"ImageObject","inLanguage":"en-US","@id":"https:\/\/www.baudetsdubreuil.fr\/en\/#\/schema\/person\/image\/","url":"https:\/\/secure.gravatar.com\/avatar\/df571b646254835aca10abe87e86eb62?s=96&d=mm&r=g","contentUrl":"https:\/\/secure.gravatar.com\/avatar\/df571b646254835aca10abe87e86eb62?s=96&d=mm&r=g","caption":"breuil"},"url":"https:\/\/www.baudetsdubreuil.fr\/en\/author\/breuil\/"}]}},"_links":{"self":[{"href":"https:\/\/www.baudetsdubreuil.fr\/en\/wp-json\/wp\/v2\/posts\/3255","targetHints":{"allow":["GET"]}}],"collection":[{"href":"https:\/\/www.baudetsdubreuil.fr\/en\/wp-json\/wp\/v2\/posts"}],"about":[{"href":"https:\/\/www.baudetsdubreuil.fr\/en\/wp-json\/wp\/v2\/types\/post"}],"author":[{"embeddable":true,"href":"https:\/\/www.baudetsdubreuil.fr\/en\/wp-json\/wp\/v2\/users\/2"}],"replies":[{"embeddable":true,"href":"https:\/\/www.baudetsdubreuil.fr\/en\/wp-json\/wp\/v2\/comments?post=3255"}],"version-history":[{"count":7,"href":"https:\/\/www.baudetsdubreuil.fr\/en\/wp-json\/wp\/v2\/posts\/3255\/revisions"}],"predecessor-version":[{"id":3801,"href":"https:\/\/www.baudetsdubreuil.fr\/en\/wp-json\/wp\/v2\/posts\/3255\/revisions\/3801"}],"wp:featuredmedia":[{"embeddable":true,"href":"https:\/\/www.baudetsdubreuil.fr\/en\/wp-json\/wp\/v2\/media\/3246"}],"wp:attachment":[{"href":"https:\/\/www.baudetsdubreuil.fr\/en\/wp-json\/wp\/v2\/media?parent=3255"}],"wp:term":[{"taxonomy":"category","embeddable":true,"href":"https:\/\/www.baudetsdubreuil.fr\/en\/wp-json\/wp\/v2\/categories?post=3255"},{"taxonomy":"post_tag","embeddable":true,"href":"https:\/\/www.baudetsdubreuil.fr\/en\/wp-json\/wp\/v2\/tags?post=3255"}],"curies":[{"name":"wp","href":"https:\/\/api.w.org\/{rel}","templated":true}]}}